{"id":2110,"date":"2024-02-12T17:18:59","date_gmt":"2024-02-12T16:18:59","guid":{"rendered":"https:\/\/visite-lyon.fr\/scolaires\/?p=2110"},"modified":"2025-02-05T18:38:23","modified_gmt":"2025-02-05T17:38:23","slug":"telecharger-les-dossiers-pedagogiques","status":"publish","type":"post","link":"https:\/\/visite-lyon.fr\/scolaires\/telecharger-les-dossiers-pedagogiques\/","title":{"rendered":"T\u00e9l\u00e9charger les dossiers p\u00e9dagogiques"},"content":{"rendered":"<p>Maintenant que votre r\u00e9servation est valid\u00e9e, n&rsquo;h\u00e9sitez pas \u00e0 t\u00e9l\u00e9charger le ou les dossiers p\u00e9dagogiques qui vous int\u00e9ressent en cliquant tout simplement sur les liens.<\/p>\n<ul>\n<li><a  data-e-Disable-Page-Transition=\"true\" class=\"download-link\" title=\"\" href=\"https:\/\/visite-lyon.fr\/scolaires\/download\/2112\/?tmstv=1777823538\" rel=\"nofollow\" id=\"download-link-2112\" data-redirect=\"false\" >\n\tLe Vieux-Lyon<\/a>\n <span style=\"color: #ff0000;\"><strong>[NOUVEAU !]<\/strong><\/span><\/li>\n<li><a  data-e-Disable-Page-Transition=\"true\" class=\"download-link\" title=\"\" href=\"https:\/\/visite-lyon.fr\/scolaires\/download\/2117\/?tmstv=1777823538\" rel=\"nofollow\" id=\"download-link-2117\" data-redirect=\"false\" >\n\tVisite musicale et cont\u00e9e du Vieux-Lyon pour les maternelles<\/a>\n<\/li>\n<li><a  data-e-Disable-Page-Transition=\"true\" class=\"download-link\" title=\"\" href=\"https:\/\/visite-lyon.fr\/scolaires\/download\/2119\/?tmstv=1777823538\" rel=\"nofollow\" id=\"download-link-2119\" data-redirect=\"false\" >\n\tLyon \u00e0 la Renaissance, l\u2019imprimerie, l\u2019entr\u00e9e Royale de Henri II en 1548<\/a>\n<\/li>\n<li><a  data-e-Disable-Page-Transition=\"true\" class=\"download-link\" title=\"\" href=\"https:\/\/visite-lyon.fr\/scolaires\/download\/2121\/?tmstv=1777823538\" rel=\"nofollow\" id=\"download-link-2121\" data-redirect=\"false\" >\n\tLa Croix-Rousse et la soie<\/a>\n<\/li>\n<li><a  data-e-Disable-Page-Transition=\"true\" class=\"download-link\" title=\"\" href=\"https:\/\/visite-lyon.fr\/scolaires\/download\/2123\/?tmstv=1777823538\" rel=\"nofollow\" id=\"download-link-2123\" data-redirect=\"false\" >\n\tLe Grand H\u00f4tel-Dieu, Lyon au XVIIe<\/a>\n<\/li>\n<li><a  data-e-Disable-Page-Transition=\"true\" class=\"download-link\" title=\"\" href=\"https:\/\/visite-lyon.fr\/scolaires\/download\/2125\/?tmstv=1777823538\" rel=\"nofollow\" id=\"download-link-2125\" data-redirect=\"false\" >\n\tLa vie \u00e0 Lyon sous l\u2019occupation<\/a>\n<\/li>\n<li><a  data-e-Disable-Page-Transition=\"true\" class=\"download-link\" title=\"\" href=\"https:\/\/visite-lyon.fr\/scolaires\/download\/2127\/?tmstv=1777823538\" rel=\"nofollow\" id=\"download-link-2127\" data-redirect=\"false\" >\n\tLyon antique, Fourvi\u00e8re<\/a>\n<\/li>\n<li><a  data-e-Disable-Page-Transition=\"true\" class=\"download-link\" title=\"\" href=\"https:\/\/visite-lyon.fr\/scolaires\/download\/2179\/?tmstv=1777823538\" rel=\"nofollow\" id=\"download-link-2179\" data-redirect=\"false\" >\n\tVisite cont\u00e9e du Parc de la T\u00eate d'Or pour les maternelles<\/a>\n<\/li>\n<li><a  data-e-Disable-Page-Transition=\"true\" class=\"download-link\" title=\"\" href=\"https:\/\/visite-lyon.fr\/scolaires\/download\/2181\/?tmstv=1777823538\" rel=\"nofollow\" id=\"download-link-2181\" data-redirect=\"false\" >\n\tConseils pour organiser sa sortie scolaire \u00e0 Lyon<\/a>\n<\/li>\n<\/ul>\n<p>&nbsp;<\/p>\n","protected":false},"excerpt":{"rendered":"<p>Maintenant que votre r\u00e9servation est valid\u00e9e, n&rsquo;h\u00e9sitez pas \u00e0 t\u00e9l\u00e9charger le ou les dossiers p\u00e9dagogiques qui vous int\u00e9ressent en cliquant tout simplement sur les liens. [NOUVEAU !] &nbsp;<\/p>\n","protected":false},"author":1,"featured_media":0,"comment_status":"closed","ping_status":"open","sticky":false,"template":"","format":"standard","meta":{"footnotes":""},"categories":[1],"tags":[],"post_series":[],"class_list":["post-2110","post","type-post","status-publish","format-standard","hentry","category-non-classe","entry","no-media"],"yoast_head":"<!-- This site is optimized with the Yoast SEO plugin v27.5 - https:\/\/yoast.com\/product\/yoast-seo-wordpress\/ -->\n<title>T\u00e9l\u00e9charger les dossiers p\u00e9dagogiques - Visites cont\u00e9es de Lyon - Cyb\u00e8le<\/title>\n<meta name=\"robots\" content=\"noindex, nofollow\" \/>\n<meta property=\"og:locale\" content=\"fr_FR\" \/>\n<meta property=\"og:type\" content=\"article\" \/>\n<meta property=\"og:title\" content=\"T\u00e9l\u00e9charger les dossiers p\u00e9dagogiques - Visites cont\u00e9es de Lyon - Cyb\u00e8le\" \/>\n<meta property=\"og:description\" content=\"Maintenant que votre r\u00e9servation est valid\u00e9e, n&rsquo;h\u00e9sitez pas \u00e0 t\u00e9l\u00e9charger le ou les dossiers p\u00e9dagogiques qui vous int\u00e9ressent en cliquant tout simplement sur les liens. [NOUVEAU !] &nbsp;\" \/>\n<meta property=\"og:url\" content=\"https:\/\/visite-lyon.fr\/scolaires\/telecharger-les-dossiers-pedagogiques\/\" \/>\n<meta property=\"og:site_name\" content=\"Visites cont\u00e9es de Lyon - Cyb\u00e8le\" \/>\n<meta property=\"article:publisher\" content=\"https:\/\/www.facebook.com\/sortiescolairelyon\/\" \/>\n<meta property=\"article:published_time\" content=\"2024-02-12T16:18:59+00:00\" \/>\n<meta property=\"article:modified_time\" content=\"2025-02-05T17:38:23+00:00\" \/>\n<meta name=\"author\" content=\"Cyb\u00e8le\" \/>\n<meta name=\"twitter:label1\" content=\"\u00c9crit par\" \/>\n\t<meta name=\"twitter:data1\" content=\"Cyb\u00e8le\" \/>\n\t<meta name=\"twitter:label2\" content=\"Dur\u00e9e de lecture estim\u00e9e\" \/>\n\t<meta name=\"twitter:data2\" content=\"1 minute\" \/>\n<script type=\"application\/ld+json\" class=\"yoast-schema-graph\">{\"@context\":\"https:\\\/\\\/schema.org\",\"@graph\":[{\"@type\":\"Article\",\"@id\":\"https:\\\/\\\/visite-lyon.fr\\\/scolaires\\\/telecharger-les-dossiers-pedagogiques\\\/#article\",\"isPartOf\":{\"@id\":\"https:\\\/\\\/visite-lyon.fr\\\/scolaires\\\/telecharger-les-dossiers-pedagogiques\\\/\"},\"author\":{\"name\":\"Cyb\u00e8le\",\"@id\":\"https:\\\/\\\/visite-lyon.fr\\\/scolaires\\\/#\\\/schema\\\/person\\\/11c469d5d7d16c865d313835e02e09bb\"},\"headline\":\"T\u00e9l\u00e9charger les dossiers p\u00e9dagogiques\",\"datePublished\":\"2024-02-12T16:18:59+00:00\",\"dateModified\":\"2025-02-05T17:38:23+00:00\",\"mainEntityOfPage\":{\"@id\":\"https:\\\/\\\/visite-lyon.fr\\\/scolaires\\\/telecharger-les-dossiers-pedagogiques\\\/\"},\"wordCount\":77,\"publisher\":{\"@id\":\"https:\\\/\\\/visite-lyon.fr\\\/scolaires\\\/#organization\"},\"inLanguage\":\"fr-FR\"},{\"@type\":\"WebPage\",\"@id\":\"https:\\\/\\\/visite-lyon.fr\\\/scolaires\\\/telecharger-les-dossiers-pedagogiques\\\/\",\"url\":\"https:\\\/\\\/visite-lyon.fr\\\/scolaires\\\/telecharger-les-dossiers-pedagogiques\\\/\",\"name\":\"T\u00e9l\u00e9charger les dossiers p\u00e9dagogiques - Visites cont\u00e9es de Lyon - Cyb\u00e8le\",\"isPartOf\":{\"@id\":\"https:\\\/\\\/visite-lyon.fr\\\/scolaires\\\/#website\"},\"datePublished\":\"2024-02-12T16:18:59+00:00\",\"dateModified\":\"2025-02-05T17:38:23+00:00\",\"breadcrumb\":{\"@id\":\"https:\\\/\\\/visite-lyon.fr\\\/scolaires\\\/telecharger-les-dossiers-pedagogiques\\\/#breadcrumb\"},\"inLanguage\":\"fr-FR\",\"potentialAction\":[{\"@type\":\"ReadAction\",\"target\":[\"https:\\\/\\\/visite-lyon.fr\\\/scolaires\\\/telecharger-les-dossiers-pedagogiques\\\/\"]}]},{\"@type\":\"BreadcrumbList\",\"@id\":\"https:\\\/\\\/visite-lyon.fr\\\/scolaires\\\/telecharger-les-dossiers-pedagogiques\\\/#breadcrumb\",\"itemListElement\":[{\"@type\":\"ListItem\",\"position\":1,\"name\":\"Accueil\",\"item\":\"https:\\\/\\\/visite-lyon.fr\\\/scolaires\\\/\"},{\"@type\":\"ListItem\",\"position\":2,\"name\":\"T\u00e9l\u00e9charger les dossiers p\u00e9dagogiques\"}]},{\"@type\":\"WebSite\",\"@id\":\"https:\\\/\\\/visite-lyon.fr\\\/scolaires\\\/#website\",\"url\":\"https:\\\/\\\/visite-lyon.fr\\\/scolaires\\\/\",\"name\":\"Visites cont\u00e9es de Lyon - Cyb\u00e8le\",\"description\":\"Quand Cyb\u00e8le raconte Lyon, vos enfants voyagent dans le temps.\",\"publisher\":{\"@id\":\"https:\\\/\\\/visite-lyon.fr\\\/scolaires\\\/#organization\"},\"potentialAction\":[{\"@type\":\"SearchAction\",\"target\":{\"@type\":\"EntryPoint\",\"urlTemplate\":\"https:\\\/\\\/visite-lyon.fr\\\/scolaires\\\/?s={search_term_string}\"},\"query-input\":{\"@type\":\"PropertyValueSpecification\",\"valueRequired\":true,\"valueName\":\"search_term_string\"}}],\"inLanguage\":\"fr-FR\"},{\"@type\":\"Organization\",\"@id\":\"https:\\\/\\\/visite-lyon.fr\\\/scolaires\\\/#organization\",\"name\":\"Cyb\u00e8le\",\"url\":\"https:\\\/\\\/visite-lyon.fr\\\/scolaires\\\/\",\"logo\":{\"@type\":\"ImageObject\",\"inLanguage\":\"fr-FR\",\"@id\":\"https:\\\/\\\/visite-lyon.fr\\\/scolaires\\\/#\\\/schema\\\/logo\\\/image\\\/\",\"url\":\"https:\\\/\\\/visite-lyon.fr\\\/scolaires\\\/wp-content\\\/uploads\\\/2015\\\/01\\\/logo-cybele.png\",\"contentUrl\":\"https:\\\/\\\/visite-lyon.fr\\\/scolaires\\\/wp-content\\\/uploads\\\/2015\\\/01\\\/logo-cybele.png\",\"width\":269,\"height\":100,\"caption\":\"Cyb\u00e8le\"},\"image\":{\"@id\":\"https:\\\/\\\/visite-lyon.fr\\\/scolaires\\\/#\\\/schema\\\/logo\\\/image\\\/\"},\"sameAs\":[\"https:\\\/\\\/www.facebook.com\\\/sortiescolairelyon\\\/\",\"https:\\\/\\\/x.com\\\/Cybele_arts\",\"http:\\\/\\\/cybelearts\"]},{\"@type\":\"Person\",\"@id\":\"https:\\\/\\\/visite-lyon.fr\\\/scolaires\\\/#\\\/schema\\\/person\\\/11c469d5d7d16c865d313835e02e09bb\",\"name\":\"Cyb\u00e8le\",\"image\":{\"@type\":\"ImageObject\",\"inLanguage\":\"fr-FR\",\"@id\":\"https:\\\/\\\/secure.gravatar.com\\\/avatar\\\/87d57d083993340cd52dc0ca2fbacaa76474e9187aa4d48c547ae0db385dec8b?s=96&d=mm&r=g\",\"url\":\"https:\\\/\\\/secure.gravatar.com\\\/avatar\\\/87d57d083993340cd52dc0ca2fbacaa76474e9187aa4d48c547ae0db385dec8b?s=96&d=mm&r=g\",\"contentUrl\":\"https:\\\/\\\/secure.gravatar.com\\\/avatar\\\/87d57d083993340cd52dc0ca2fbacaa76474e9187aa4d48c547ae0db385dec8b?s=96&d=mm&r=g\",\"caption\":\"Cyb\u00e8le\"},\"url\":\"https:\\\/\\\/visite-lyon.fr\\\/scolaires\\\/author\\\/visitelyon\\\/\"}]}<\/script>\n<!-- \/ Yoast SEO plugin. -->","yoast_head_json":{"title":"T\u00e9l\u00e9charger les dossiers p\u00e9dagogiques - Visites cont\u00e9es de Lyon - Cyb\u00e8le","robots":{"index":"noindex","follow":"nofollow"},"og_locale":"fr_FR","og_type":"article","og_title":"T\u00e9l\u00e9charger les dossiers p\u00e9dagogiques - Visites cont\u00e9es de Lyon - Cyb\u00e8le","og_description":"Maintenant que votre r\u00e9servation est valid\u00e9e, n&rsquo;h\u00e9sitez pas \u00e0 t\u00e9l\u00e9charger le ou les dossiers p\u00e9dagogiques qui vous int\u00e9ressent en cliquant tout simplement sur les liens. [NOUVEAU !] &nbsp;","og_url":"https:\/\/visite-lyon.fr\/scolaires\/telecharger-les-dossiers-pedagogiques\/","og_site_name":"Visites cont\u00e9es de Lyon - Cyb\u00e8le","article_publisher":"https:\/\/www.facebook.com\/sortiescolairelyon\/","article_published_time":"2024-02-12T16:18:59+00:00","article_modified_time":"2025-02-05T17:38:23+00:00","author":"Cyb\u00e8le","twitter_misc":{"\u00c9crit par":"Cyb\u00e8le","Dur\u00e9e de lecture estim\u00e9e":"1 minute"},"schema":{"@context":"https:\/\/schema.org","@graph":[{"@type":"Article","@id":"https:\/\/visite-lyon.fr\/scolaires\/telecharger-les-dossiers-pedagogiques\/#article","isPartOf":{"@id":"https:\/\/visite-lyon.fr\/scolaires\/telecharger-les-dossiers-pedagogiques\/"},"author":{"name":"Cyb\u00e8le","@id":"https:\/\/visite-lyon.fr\/scolaires\/#\/schema\/person\/11c469d5d7d16c865d313835e02e09bb"},"headline":"T\u00e9l\u00e9charger les dossiers p\u00e9dagogiques","datePublished":"2024-02-12T16:18:59+00:00","dateModified":"2025-02-05T17:38:23+00:00","mainEntityOfPage":{"@id":"https:\/\/visite-lyon.fr\/scolaires\/telecharger-les-dossiers-pedagogiques\/"},"wordCount":77,"publisher":{"@id":"https:\/\/visite-lyon.fr\/scolaires\/#organization"},"inLanguage":"fr-FR"},{"@type":"WebPage","@id":"https:\/\/visite-lyon.fr\/scolaires\/telecharger-les-dossiers-pedagogiques\/","url":"https:\/\/visite-lyon.fr\/scolaires\/telecharger-les-dossiers-pedagogiques\/","name":"T\u00e9l\u00e9charger les dossiers p\u00e9dagogiques - Visites cont\u00e9es de Lyon - Cyb\u00e8le","isPartOf":{"@id":"https:\/\/visite-lyon.fr\/scolaires\/#website"},"datePublished":"2024-02-12T16:18:59+00:00","dateModified":"2025-02-05T17:38:23+00:00","breadcrumb":{"@id":"https:\/\/visite-lyon.fr\/scolaires\/telecharger-les-dossiers-pedagogiques\/#breadcrumb"},"inLanguage":"fr-FR","potentialAction":[{"@type":"ReadAction","target":["https:\/\/visite-lyon.fr\/scolaires\/telecharger-les-dossiers-pedagogiques\/"]}]},{"@type":"BreadcrumbList","@id":"https:\/\/visite-lyon.fr\/scolaires\/telecharger-les-dossiers-pedagogiques\/#breadcrumb","itemListElement":[{"@type":"ListItem","position":1,"name":"Accueil","item":"https:\/\/visite-lyon.fr\/scolaires\/"},{"@type":"ListItem","position":2,"name":"T\u00e9l\u00e9charger les dossiers p\u00e9dagogiques"}]},{"@type":"WebSite","@id":"https:\/\/visite-lyon.fr\/scolaires\/#website","url":"https:\/\/visite-lyon.fr\/scolaires\/","name":"Visites cont\u00e9es de Lyon - Cyb\u00e8le","description":"Quand Cyb\u00e8le raconte Lyon, vos enfants voyagent dans le temps.","publisher":{"@id":"https:\/\/visite-lyon.fr\/scolaires\/#organization"},"potentialAction":[{"@type":"SearchAction","target":{"@type":"EntryPoint","urlTemplate":"https:\/\/visite-lyon.fr\/scolaires\/?s={search_term_string}"},"query-input":{"@type":"PropertyValueSpecification","valueRequired":true,"valueName":"search_term_string"}}],"inLanguage":"fr-FR"},{"@type":"Organization","@id":"https:\/\/visite-lyon.fr\/scolaires\/#organization","name":"Cyb\u00e8le","url":"https:\/\/visite-lyon.fr\/scolaires\/","logo":{"@type":"ImageObject","inLanguage":"fr-FR","@id":"https:\/\/visite-lyon.fr\/scolaires\/#\/schema\/logo\/image\/","url":"https:\/\/visite-lyon.fr\/scolaires\/wp-content\/uploads\/2015\/01\/logo-cybele.png","contentUrl":"https:\/\/visite-lyon.fr\/scolaires\/wp-content\/uploads\/2015\/01\/logo-cybele.png","width":269,"height":100,"caption":"Cyb\u00e8le"},"image":{"@id":"https:\/\/visite-lyon.fr\/scolaires\/#\/schema\/logo\/image\/"},"sameAs":["https:\/\/www.facebook.com\/sortiescolairelyon\/","https:\/\/x.com\/Cybele_arts","http:\/\/cybelearts"]},{"@type":"Person","@id":"https:\/\/visite-lyon.fr\/scolaires\/#\/schema\/person\/11c469d5d7d16c865d313835e02e09bb","name":"Cyb\u00e8le","image":{"@type":"ImageObject","inLanguage":"fr-FR","@id":"https:\/\/secure.gravatar.com\/avatar\/87d57d083993340cd52dc0ca2fbacaa76474e9187aa4d48c547ae0db385dec8b?s=96&d=mm&r=g","url":"https:\/\/secure.gravatar.com\/avatar\/87d57d083993340cd52dc0ca2fbacaa76474e9187aa4d48c547ae0db385dec8b?s=96&d=mm&r=g","contentUrl":"https:\/\/secure.gravatar.com\/avatar\/87d57d083993340cd52dc0ca2fbacaa76474e9187aa4d48c547ae0db385dec8b?s=96&d=mm&r=g","caption":"Cyb\u00e8le"},"url":"https:\/\/visite-lyon.fr\/scolaires\/author\/visitelyon\/"}]}},"_links":{"self":[{"href":"https:\/\/visite-lyon.fr\/scolaires\/wp-json\/wp\/v2\/posts\/2110","targetHints":{"allow":["GET"]}}],"collection":[{"href":"https:\/\/visite-lyon.fr\/scolaires\/wp-json\/wp\/v2\/posts"}],"about":[{"href":"https:\/\/visite-lyon.fr\/scolaires\/wp-json\/wp\/v2\/types\/post"}],"author":[{"embeddable":true,"href":"https:\/\/visite-lyon.fr\/scolaires\/wp-json\/wp\/v2\/users\/1"}],"replies":[{"embeddable":true,"href":"https:\/\/visite-lyon.fr\/scolaires\/wp-json\/wp\/v2\/comments?post=2110"}],"version-history":[{"count":13,"href":"https:\/\/visite-lyon.fr\/scolaires\/wp-json\/wp\/v2\/posts\/2110\/revisions"}],"predecessor-version":[{"id":2306,"href":"https:\/\/visite-lyon.fr\/scolaires\/wp-json\/wp\/v2\/posts\/2110\/revisions\/2306"}],"wp:attachment":[{"href":"https:\/\/visite-lyon.fr\/scolaires\/wp-json\/wp\/v2\/media?parent=2110"}],"wp:term":[{"taxonomy":"category","embeddable":true,"href":"https:\/\/visite-lyon.fr\/scolaires\/wp-json\/wp\/v2\/categories?post=2110"},{"taxonomy":"post_tag","embeddable":true,"href":"https:\/\/visite-lyon.fr\/scolaires\/wp-json\/wp\/v2\/tags?post=2110"},{"taxonomy":"post_series","embeddable":true,"href":"https:\/\/visite-lyon.fr\/scolaires\/wp-json\/wp\/v2\/post_series?post=2110"}],"curies":[{"name":"wp","href":"https:\/\/api.w.org\/{rel}","templated":true}]}}